{"id":10661,"date":"2021-11-16T08:52:43","date_gmt":"2021-11-16T07:52:43","guid":{"rendered":"https:\/\/www.olivia.es\/?p=10661"},"modified":"2021-11-16T08:52:43","modified_gmt":"2021-11-16T07:52:43","slug":"expansio-internacional-i-els-erps","status":"publish","type":"post","link":"https:\/\/olivia.es\/ca\/expansio-internacional-i-els-erps\/","title":{"rendered":"L&#8217;expansi\u00f3 internacional i els ERPs"},"content":{"rendered":"<p>No \u00e9s cap not\u00edcia que vivim en un m\u00f3n cada vegada m\u00e9s global, en qu\u00e8 les barreres geogr\u00e0fiques que tenien abans les empreses han desaparegut, i que moltes PIMES del nostre al voltant fan negocis en qualsevol pa\u00eds del m\u00f3n, cosa que fa un parell de d\u00e8cades enrere estava reservada nom\u00e9s a grans corporacions.<\/p>\n<p>De la mateixa manera no \u00e9s estrany trobar companyies que tenen necessitats d&#8217;obrir una sucursal o delegaci\u00f3 en un pa\u00eds estranger, on potser han comen\u00e7at els negocis de la m\u00e0 d&#8217;un soci local, per\u00f2 que a mesura que el volum va augmentat, sorgeix la necessitat d&#8217;incorporar una eina de gesti\u00f3, la qual cosa en el nostre llenguatge cridem ERP, i aqu\u00ed \u00e9s on sorgeixen necessitats que un temps enrere aquestes PIMES no tenien.<\/p>\n<p>L\u00f2gicament es pot optar per delegar aquesta tasca en alguna esp\u00e8cie de gestoria local, per\u00f2 sovint hi ha q\u00fcestions que requeriran de processos intercompa\u00f1\u00eda i en un entorn tremendament connectat, no ens servir\u00e0 que a final de mes aquesta gestoria ens envi\u00ef un reporti de com han anat les coses. Tampoc \u00e9s una bona soluci\u00f3 optar per una integraci\u00f3 amb una aplicaci\u00f3 ERP local, i que cada petita (o mitjana) sucursal que anem obrint, obligui a una integraci\u00f3 diferent.<\/p>\n<p><img fetchpriority=\"high\" decoding=\"async\" class=\"size-full wp-image-10649 aligncenter\" src=\"https:\/\/olivia.es\/wp-content\/uploads\/expintbc.jpg\" alt=\"\" width=\"850\" height=\"478\" \/>\u00a0<\/p>\n<p>Aqu\u00ed \u00e9s on ERP\u2019s de car\u00e0cter internacional mostren una dels seus molts avantatges, i si a m\u00e9s estan en el n\u00favol BINGO !!! <a href=\"https:\/\/www.olivia.cat\/dynamics-365-microsoft\/business-central-dynamics365\/\" target=\"_blank\" rel=\"noopener\">Dynamics 365 Business Central<\/a> \u00e9s la soluci\u00f3 que Microsoft ofereix per a PIMES i que t\u00e9 un desplegament o pres\u00e8ncia en pa\u00efsos sense rival en aquest segment, a m\u00e9s ofereix funcionalitat perqu\u00e8 en un mateix entorn (en el nostre argot li cridem Tenant) puguem donar d&#8217;alta \u201cn\u201d pa\u00efsos, cadascun d&#8217;ells amb la seva localitzaci\u00f3 i pr\u00f2pia capa fiscal a m\u00e9s d&#8217;\u00f2bviament el llenguatge (fins i tot idiomes com el Xin\u00e8s, Core\u00e0, Japon\u00e8s, etc\u2026).<\/p>\n<p><img decoding=\"async\" class=\"size-full wp-image-10651 aligncenter\" src=\"https:\/\/olivia.es\/wp-content\/uploads\/hubempresa.png\" alt=\"\" width=\"850\" height=\"404\" \/><\/p>\n<p>Per a acabar de tancar el cercle, s&#8217;ofereixen rols d&#8217;usuari anomenats \u201cHub d&#8217;Empresa\u201d on podrem tenir acc\u00e9s a dades consolidades de totes o part de les companyies aix\u00ed com monitorar les transaccions entre elles.<\/p>\n<p><img decoding=\"async\" class=\"size-full wp-image-10653 aligncenter\" src=\"https:\/\/olivia.es\/wp-content\/uploads\/hubempresa1.png\" alt=\"\" width=\"850\" height=\"216\" \/> \u00a0<\/p>\n<p>Podem pensar que la nostra empresa \u00e9s local i dif\u00edcilment necessitar\u00e0 obrir negocis a l&#8217;estranger per\u00f2\u2026 qui hagu\u00e9s cregut tot el que ha passat en els \u00faltims 5 anys si ens el haguessin comptat fa 10?<\/p>\n<p>&nbsp;<\/p>\n<p>Autor : <strong>David Venero<\/strong> &#8211; Sales Manager<\/p>\n<!-- \/wp:post-content -->\n\n<!-- wp:html -->\n<div class=\"LI-profile-badge\" data-version=\"v1\" data-size=\"medium\" data-locale=\"es_ES\" data-type=\"horizontal\" data-theme=\"light\" data-vanity=\"david-venero-09b66512\"><a target=\"_blank\" rel=\"noopener noreferrer\" class=\"LI-simple-link\" href=\"https:\/\/es.linkedin.com\/in\/david-venero-09b66512?trk=profile-badge\">David Venero<\/a><\/div>\n<!-- \/wp:html -->\n\n<!-- wp:html -->\n<p><script src=\"https:\/\/platform.linkedin.com\/badges\/js\/profile.js\" async=\"\" defer=\"defer\" type=\"text\/javascript\"><\/script><\/p>","protected":false},"excerpt":{"rendered":"<p>No \u00e9s cap not\u00edcia que vivim en un m\u00f3n cada vegada m\u00e9s global, en qu\u00e8 les barreres geogr\u00e0fiques que tenien abans les empreses han desaparegut, i que moltes PIMES del nostre al voltant fan negocis en qualsevol pa\u00eds del m\u00f3n, cosa que fa un parell de d\u00e8cades enrere estava reservada nom\u00e9s a grans corporacions. De [&hellip;]<\/p>\n","protected":false},"author":1,"featured_media":10665,"comment_status":"closed","ping_status":"closed","sticky":false,"template":"","format":"standard","meta":{"_acf_changed":false,"footnotes":""},"categories":[23,29],"tags":[],"class_list":["post-10661","post","type-post","status-publish","format-standard","has-post-thumbnail","hentry","category-microsoft-ca","category-olivia-ca"],"acf":[],"_links":{"self":[{"href":"https:\/\/olivia.es\/ca\/wp-json\/wp\/v2\/posts\/10661","targetHints":{"allow":["GET"]}}],"collection":[{"href":"https:\/\/olivia.es\/ca\/wp-json\/wp\/v2\/posts"}],"about":[{"href":"https:\/\/olivia.es\/ca\/wp-json\/wp\/v2\/types\/post"}],"author":[{"embeddable":true,"href":"https:\/\/olivia.es\/ca\/wp-json\/wp\/v2\/users\/1"}],"replies":[{"embeddable":true,"href":"https:\/\/olivia.es\/ca\/wp-json\/wp\/v2\/comments?post=10661"}],"version-history":[{"count":0,"href":"https:\/\/olivia.es\/ca\/wp-json\/wp\/v2\/posts\/10661\/revisions"}],"wp:featuredmedia":[{"embeddable":true,"href":"https:\/\/olivia.es\/ca\/wp-json\/"}],"wp:attachment":[{"href":"https:\/\/olivia.es\/ca\/wp-json\/wp\/v2\/media?parent=10661"}],"wp:term":[{"taxonomy":"category","embeddable":true,"href":"https:\/\/olivia.es\/ca\/wp-json\/wp\/v2\/categories?post=10661"},{"taxonomy":"post_tag","embeddable":true,"href":"https:\/\/olivia.es\/ca\/wp-json\/wp\/v2\/tags?post=10661"}],"curies":[{"name":"wp","href":"https:\/\/api.w.org\/{rel}","templated":true}]}}