{"id":11046,"date":"2022-03-17T15:36:42","date_gmt":"2022-03-17T14:36:42","guid":{"rendered":"https:\/\/www.olivia.es\/?p=11046"},"modified":"2022-03-17T15:36:42","modified_gmt":"2022-03-17T14:36:42","slug":"cambios-en-la-aeat-facturacion-electronica-obligatoria-en-el-entorno-b2b","status":"publish","type":"post","link":"https:\/\/olivia.es\/ca\/cambios-en-la-aeat-facturacion-electronica-obligatoria-en-el-entorno-b2b\/","title":{"rendered":"Cambios en la AEAT: facturaci\u00f3n electr\u00f3nica obligatoria en el entorno B2B"},"content":{"rendered":"<p>El 30 de noviembre de 2021, el Consejo de ministros aprob\u00f3 el proyecto de ley donde se establec\u00eda la <strong>obligatoriedad de la factura electr\u00f3nica entre empresas y aut\u00f3nomos<\/strong>. La publicaci\u00f3n en el BOE no se ha efectuado, pero se prev\u00e9 para los pr\u00f3ximos meses. Una vez se haya publicado, las empresas con una <strong>facturaci\u00f3n superior a los 8 millones anuales tendr\u00e1n un a\u00f1o<\/strong> para realizar toda su facturaci\u00f3n v\u00eda electr\u00f3nica. <strong>Para el resto de empresas y aut\u00f3nomos se ir\u00e1 aplicando en los siguientes 3 a\u00f1os<\/strong>, por lo que en un horizonte temporal de unos 4 o 5 a\u00f1os dejaremos de lado paulatinamente el papel.<\/p>\n<p>Esta medida se enmarca en todo un plan de digitalizaci\u00f3n de la actividad empresarial que tiene origen en el Plan de Recuperaci\u00f3n y Resiliencia, el paquete de ayudas de la Uni\u00f3n Europea tambi\u00e9n llamados Fondos NextGen como respuesta a los efectos del Covid-19.<\/p>\n<p>Adem\u00e1s del impacto medioambiental del hecho de eliminar en su totalidad el papel, es un avance en la lucha contra la morosidad y el fraude fiscal.<\/p>\n<h3><\/h3>\n<h3><strong><img fetchpriority=\"high\" decoding=\"async\" class=\"size-medium wp-image-11060 alignright\" src=\"https:\/\/www.olivia.cat\/wp-content\/uploads\/\/E-Invoicing-image_white-300x169.png\" alt=\"\" width=\"300\" height=\"169\" \/><\/strong><\/h3>\n<h3><strong>\u00bfQu\u00e9 obligaciones tendr\u00e1n las empresas?<\/strong><\/h3>\n<p><strong>\u00a0<\/strong>Faltan algunos detalles t\u00e9cnicos que ser\u00e1n publicados en los pr\u00f3ximos meses, pero todo apunta que las empresas tendr\u00e1n las siguientes obligaciones:<\/p>\n<ul>\n<li>Expedir y remitir facturas electr\u00f3nicas con las empresas y aut\u00f3nomos.<\/li>\n<li>Facilitar un entorno para que el receptor pueda acceder, ver y descargar la factura electr\u00f3nica<\/li>\n<li>Habilitar el acceso a las facturas electr\u00f3nicas durante 4 a\u00f1os incluso en los casos que el destinatario ya no sea cliente.<\/li>\n<\/ul>\n<h3><\/h3>\n<h3><\/h3>\n<h3><strong>\u00bfCu\u00e1l ser\u00e1 el calendario de implantaci\u00f3n?<\/strong><\/h3>\n<p><strong>\u00a0<\/strong>Depende del tama\u00f1o de la empresa el calendario de implantaci\u00f3n tendr\u00e1 unas fechas clave:<\/p>\n<ul>\n<li>La primera fase empezar\u00e1 con las empresas con una facturaci\u00f3n anual superior a los 8 millones de euros. Esta se prev\u00e9 que sea un a\u00f1o despu\u00e9s de la publicaci\u00f3n en el BOE.<\/li>\n<li>La segunda fase seguir\u00e1 con las empresas con una facturaci\u00f3n inferior a los 8 millones, o sea, el resto de empresas y aut\u00f3nomos. Esta fase ser\u00e1 gradual e ir\u00e1n adoptando el cambio de las empresas con una facturaci\u00f3n mayor a micro pymes\u00a0o aut\u00f3nomos. Se prev\u00e9 que sea tres a\u00f1os despu\u00e9s de la publicaci\u00f3n de una manera gradual hasta cubrir todas las empresas.<\/li>\n<\/ul>\n<p>&nbsp;<\/p>\n<h3><strong><img decoding=\"async\" class=\"alignleft wp-image-11058\" src=\"https:\/\/www.olivia.cat\/wp-content\/uploads\/\/KIt-Digital-ES-300x300.png\" alt=\"\" width=\"300\" height=\"300\" \/>\u00bfCu\u00e1les ser\u00e1n los incentivos para las empresas?<\/strong><\/h3>\n<p>El pasado 15 de marzo empez\u00f3 el plazo, para las empresas entre 10 y 49 empleados, para solicitar las ayudas relacionadas con el programa Kit Digital de Red.es. Las subvenciones van dirigidas a ayudar econ\u00f3micamente a las PYMES a digitalizar sus procesos para as\u00ed mejorar su productividad.<\/p>\n<p>Adem\u00e1s, el anteproyecto informa que el uso de la facturaci\u00f3n electr\u00f3nica ser\u00e1 uno de los requisitos para el acceso a las subvenciones y contrataciones p\u00fablicas, as\u00ed como otras ayudas o incentivos en el futuro.<\/p>\n<p>&nbsp;<\/p>\n<h3><strong>\u00bfQu\u00e9 soluci\u00f3n necesito?<\/strong><\/h3>\n<p><strong><img decoding=\"async\" class=\"size-medium wp-image-11056 alignright\" src=\"https:\/\/www.olivia.cat\/wp-content\/uploads\/\/spansk_certifikat_hvid-1-300x107.jpg\" alt=\"\" width=\"300\" height=\"107\" \/><\/strong>Si trabajas con <a target=\"_blank\" rel=\"noopener noreferrer\" href=\"https:\/\/olivia.es\/blog\/navision-dynamics-nav-o-business-central\/\"><strong>Navision, Microsoft Dynamics NAV o Business Central<\/strong> <\/a>tienes la posibilidad de trabajar con <strong><a href=\"https:\/\/www.olivia.cat\/addons-nav-extensions-business-central\/document-capture-navision-dynamics-nav\/\" target=\"_blank\" rel=\"noopener\">Document Capture<\/a><\/strong>, soluci\u00f3n dentro del propio sistema con el que podr\u00e1s importar, registrar, aprobar, contabilizar y archivar facturas de compra y abonos directamente en el ERP, sin necesidad de trabajar con soluciones externas integradas. <strong>Document Capture es una soluci\u00f3n certificada por la AEAT, Agencia Estatal de Administraci\u00f3n Tributaria<\/strong>. Por lo que todas las facturas digitalizadas con Document Capture, tienen validez en todo el territorio espa\u00f1ol. En Olivia somos distribuidores de la soluci\u00f3n con clientes trabajando con ella, habiendo eliminado en su totalidad el papel y reduciendo personal dedicado exclusivamente a la tarea de tramitar facturas de papel.<\/p>\n<p><strong>\u00a0<\/strong><\/p>\n<h3><strong>\u00bfC\u00f3mo puede ayudarte Olivia?<\/strong><\/h3>\n<p>En Olivia somos agentes digitalizadores del programa Kit Digital, por lo que podemos ofrecer soluciones para transformar digitalmente tus sistemas inform\u00e1ticos, desde el ERP (Business Central) , CRM (Dynamics 365 for Sales) o cuadros de mando con Power BI. Podemos ayudarte en este proceso de digitalizaci\u00f3n y podemos facilitarte el contacto con clientes nuestros que est\u00e1n en este preciso momento en su empresa y c\u00f3mo lo han abordado.<\/p>\n<p><img loading=\"lazy\" decoding=\"async\" class=\"alignnone size-medium wp-image-11071\" src=\"https:\/\/olivia.es\/wp-content\/uploads\/Logo-digitalizadores_peq-300x35.png\" alt=\"\" width=\"300\" height=\"35\" \/><\/p>\n<p>&nbsp;<\/p>\n<div style=\"width: 100%; height: 400px;\" data-tf-widget=\"fNiOZQW3\" data-tf-hide-headers=\"\" data-tf-iframe-props=\"title=Contacto con nosotros\" data-tf-medium=\"snippet\"><\/div>\n<p><script src=\"\/\/embed.typeform.com\/next\/embed.js\"><\/script><\/p>\n","protected":false},"excerpt":{"rendered":"<p>El 30 de noviembre de 2021, el Consejo de ministros aprob\u00f3 el proyecto de ley donde se establec\u00eda la obligatoriedad de la factura electr\u00f3nica entre empresas y aut\u00f3nomos. La publicaci\u00f3n en el BOE no se ha efectuado, pero se prev\u00e9 para los pr\u00f3ximos meses. Una vez se haya publicado, las empresas con una facturaci\u00f3n superior [&hellip;]<\/p>\n","protected":false},"author":1,"featured_media":11064,"comment_status":"closed","ping_status":"closed","sticky":false,"template":"","format":"standard","meta":{"_acf_changed":false,"footnotes":""},"categories":[20],"tags":[],"class_list":["post-11046","post","type-post","status-publish","format-standard","has-post-thumbnail","hentry","category-olivia"],"acf":[],"_links":{"self":[{"href":"https:\/\/olivia.es\/ca\/wp-json\/wp\/v2\/posts\/11046","targetHints":{"allow":["GET"]}}],"collection":[{"href":"https:\/\/olivia.es\/ca\/wp-json\/wp\/v2\/posts"}],"about":[{"href":"https:\/\/olivia.es\/ca\/wp-json\/wp\/v2\/types\/post"}],"author":[{"embeddable":true,"href":"https:\/\/olivia.es\/ca\/wp-json\/wp\/v2\/users\/1"}],"replies":[{"embeddable":true,"href":"https:\/\/olivia.es\/ca\/wp-json\/wp\/v2\/comments?post=11046"}],"version-history":[{"count":0,"href":"https:\/\/olivia.es\/ca\/wp-json\/wp\/v2\/posts\/11046\/revisions"}],"wp:featuredmedia":[{"embeddable":true,"href":"https:\/\/olivia.es\/ca\/wp-json\/"}],"wp:attachment":[{"href":"https:\/\/olivia.es\/ca\/wp-json\/wp\/v2\/media?parent=11046"}],"wp:term":[{"taxonomy":"category","embeddable":true,"href":"https:\/\/olivia.es\/ca\/wp-json\/wp\/v2\/categories?post=11046"},{"taxonomy":"post_tag","embeddable":true,"href":"https:\/\/olivia.es\/ca\/wp-json\/wp\/v2\/tags?post=11046"}],"curies":[{"name":"wp","href":"https:\/\/api.w.org\/{rel}","templated":true}]}}