{"id":11067,"date":"2022-03-17T15:37:02","date_gmt":"2022-03-17T14:37:02","guid":{"rendered":"https:\/\/www.olivia.es\/?p=11067"},"modified":"2022-03-17T15:37:02","modified_gmt":"2022-03-17T14:37:02","slug":"canvis-a-la-aeat-facturacio-electronica-obligatoria-a-lentorn-b2b","status":"publish","type":"post","link":"https:\/\/olivia.es\/ca\/canvis-a-la-aeat-facturacio-electronica-obligatoria-a-lentorn-b2b\/","title":{"rendered":"Canvis a la AEAT: facturaci\u00f3 electr\u00f2nica obligat\u00f2ria a l&#8217;entorn B2B"},"content":{"rendered":"<p>El 30 de novembre de 2021, el Consell de Ministres va aprovar el projecte de llei on s&#8217;establia l&#8217;<strong>obligatorietat de la factura electr\u00f2nica entre empreses i aut\u00f2noms<\/strong>. La publicaci\u00f3 al BOE no s&#8217;ha efectuat, per\u00f2 es preveu per als pr\u00f2xims mesos. Una vegada s&#8217;hagi publicat, les empreses amb una <strong>facturaci\u00f3 superior als 8 milions anuals tindran un any<\/strong> per a realitzar tota la seva facturaci\u00f3 via electr\u00f2nica. <strong>Per a la resta d&#8217;empreses i aut\u00f2noms s&#8217;anir\u00e0 aplicant en els seg\u00fcents 3 anys<\/strong>, per la qual cosa en un horitz\u00f3 temporal d&#8217;uns 4 o 5 anys deixarem de costat gradualment el paper.<\/p>\n<p>Aquesta mesura s&#8217;emmarca en tot un pla de digitalitzaci\u00f3 de l&#8217;activitat empresarial que t\u00e9 origen en el Pla de Recuperaci\u00f3 i Resili\u00e8ncia, el paquet d&#8217;ajudes de la Uni\u00f3 Europea tamb\u00e9 anomenats Fons NextGen com a resposta a l&#8217;efecte del Covid-19.<\/p>\n<p>A m\u00e9s de l&#8217;impacte mediambiental del fet d&#8217;eliminar \u00edntegrament el paper, \u00e9s un avan\u00e7 en la lluita contra la morositat i el frau fiscal.<\/p>\n<h3><\/h3>\n<h3><strong><img fetchpriority=\"high\" decoding=\"async\" class=\"size-medium wp-image-11060 alignright\" src=\"https:\/\/olivia.es\/wp-content\/uploads\/\/E-Invoicing-image_white-300x169.png\" alt=\"\" width=\"300\" height=\"169\" \/><\/strong><\/h3>\n<h3><strong>Quines obligacions tindran les empreses?<\/strong><\/h3>\n<p><strong>\u00a0<\/strong>Falten alguns detalls t\u00e8cnics que seran publicats en els pr\u00f2xims mesos, per\u00f2 tot apunta que les empreses tindran les seg\u00fcents obligacions:<\/p>\n<ul>\n<li>Expedir i remetre factures electr\u00f2niques amb les empreses i aut\u00f2noms.<\/li>\n<li>Facilitar un entorn perqu\u00e8 el receptor pugui accedir, veure i descarregar la factura electr\u00f2nica.<\/li>\n<li>Habilitar l&#8217;acc\u00e9s a les factures electr\u00f2niques durant 4 anys fins i tot en els casos que el destinatari ja no sigui client.<\/li>\n<\/ul>\n<h3><\/h3>\n<h3><\/h3>\n<h3><strong>Quin ser\u00e0 el calendari d&#8217;implantaci\u00f3?<\/strong><\/h3>\n<p>Dep\u00e8n de la grand\u00e0ria de l&#8217;empresa el calendari d&#8217;implantaci\u00f3 tindr\u00e0 unes dates clau:<\/p>\n<ul>\n<li>La primera fase comen\u00e7ar\u00e0 amb les empreses amb una facturaci\u00f3 anual superior als 8 milions d&#8217;euros. Aquesta es preveu que sigui un any despr\u00e9s de la publicaci\u00f3 en el BOE.<\/li>\n<li>La segona fase seguir\u00e0 amb les empreses amb una facturaci\u00f3 inferior als 8 milions, \u00e9s a dir, la resta d&#8217;empreses i aut\u00f2noms. Aquesta fase ser\u00e0 gradual i aniran adoptant el canvi de les empreses amb una facturaci\u00f3 major a micro pimes\u00a0o aut\u00f2noms. Es preveu que sigui tres anys despr\u00e9s de la publicaci\u00f3 d&#8217;una manera gradual fins a cobrir totes les empreses.<\/li>\n<\/ul>\n<p>&nbsp;<\/p>\n<h3><strong><img decoding=\"async\" class=\"alignleft wp-image-11058\" src=\"https:\/\/olivia.es\/wp-content\/uploads\/\/KIt-Digital-ES-300x300.png\" alt=\"\" width=\"300\" height=\"300\" \/>Quins seran els incentius per a les empreses?<\/strong><\/h3>\n<p>El passat 15 de mar\u00e7 va comen\u00e7ar el termini, per a les empreses entre 10 i 49 empleats, per a sol\u00b7licitar les ajudes relacionades amb el programa <a href=\"https:\/\/olivia.es\/express\/landings\/kit-digital-erp-crm-bi\/\" target=\"_blank\" rel=\"noopener\">Kit Digital<\/a> de Red.es. Les subvencions van dirigides a ajudar econ\u00f2micament a les PIMES a digitalitzar els seus processos per a aix\u00ed millorar la seva productivitat.<\/p>\n<p>A m\u00e9s, l&#8217;avantprojecte informa que l&#8217;\u00fas de la facturaci\u00f3 electr\u00f2nica ser\u00e0 un dels requisits per a l&#8217;acc\u00e9s a les subvencions i contractacions p\u00fabliques, aix\u00ed com altres ajudes o incentius en el futur.<\/p>\n<p>&nbsp;<\/p>\n<h3><strong>Quina soluci\u00f3 necessito?<\/strong><\/h3>\n<p><strong><img decoding=\"async\" class=\"size-medium wp-image-11056 alignright\" src=\"https:\/\/olivia.es\/wp-content\/uploads\/\/spansk_certifikat_hvid-1-300x107.jpg\" alt=\"\" width=\"300\" height=\"107\" \/><\/strong>Si treballes amb <a href=\"https:\/\/www.olivia.cat\/blog\/navision-dynamics-nav-o-business-central\/\" target=\"_blank\" rel=\"noopener\"><strong>Navision, Microsoft Dynamics NAV o Business Central<\/strong> <\/a>tens la possibilitat de treballar amb <a href=\"https:\/\/www.olivia.cat\/addons-nav-extensions-business-central\/document-capture-navision-dynamics-nav\/\" target=\"_blank\" rel=\"noopener\">Document Capture<\/a>, soluci\u00f3 dins del propi sistema amb el qual podr\u00e0s importar, registrar, aprovar, comptabilitzar i arxivar factures de compra i abonaments directament a l&#8217;ERP, sense necessitat de treballar amb solucions externes integrades. Document Capture \u00e9s una soluci\u00f3 certificada per la AEAT, Ag\u00e8ncia Estatal d&#8217;Administraci\u00f3 Tribut\u00e0ria. Pel que totes les factures digitalitzades amb Document Capture, tenen validesa en tot el territori espanyol. A Olivia som distribu\u00efdors de la soluci\u00f3 amb clients treballant amb ella, havent eliminat \u00edntegrament el paper i reduint personal dedicat exclusivament a la tasca de tramitar factures de paper.<\/p>\n<p><strong>\u00a0<\/strong><\/p>\n<h3><strong>Com pot ajudar-te Olivia?<\/strong><\/h3>\n<p>A Olivia som agents digitalitzadors del programa Kit Digital, per la qual cosa podem oferir solucions per a transformar digitalment els teus sistemes inform\u00e0tics, des del ERP (Business Central) , CRM (Dynamics 365 for Sales) o quadres de comandament amb Power BI. Podem ajudar-te en aquest proc\u00e9s de digitalitzaci\u00f3 i podem facilitar-te el contacte amb clients nostres que estan en aquest prec\u00eds moment en la seva empresa i com l&#8217;han abordat.<\/p>\n<p>&nbsp;<\/p>\n<p><img loading=\"lazy\" decoding=\"async\" class=\"alignnone size-medium wp-image-10828\" src=\"https:\/\/olivia.es\/wp-content\/uploads\/\/Logo-digitalizadores-300x35.png\" alt=\"\" width=\"300\" height=\"35\" \/> <img loading=\"lazy\" decoding=\"async\" class=\"alignnone size-medium wp-image-11070\" src=\"https:\/\/olivia.es\/wp-content\/uploads\/\/Logo-digitalizadores_peq-300x35.png\" alt=\"\" width=\"300\" height=\"35\" \/><\/p>\n<div style=\"width: 100%; height: 400px;\" data-tf-widget=\"fmKfbM1f\" data-tf-hide-headers=\"\" data-tf-iframe-props=\"title=Contacta amb nosaltres\" data-tf-medium=\"snippet\"><\/div>\n<p><script src=\"\/\/embed.typeform.com\/next\/embed.js\"><\/script><\/p>\n","protected":false},"excerpt":{"rendered":"<p>El 30 de novembre de 2021, el Consell de Ministres va aprovar el projecte de llei on s&#8217;establia l&#8217;obligatorietat de la factura electr\u00f2nica entre empreses i aut\u00f2noms. La publicaci\u00f3 al BOE no s&#8217;ha efectuat, per\u00f2 es preveu per als pr\u00f2xims mesos. Una vegada s&#8217;hagi publicat, les empreses amb una facturaci\u00f3 superior als 8 milions anuals [&hellip;]<\/p>\n","protected":false},"author":1,"featured_media":11065,"comment_status":"closed","ping_status":"closed","sticky":false,"template":"","format":"standard","meta":{"_acf_changed":false,"footnotes":""},"categories":[29],"tags":[],"class_list":["post-11067","post","type-post","status-publish","format-standard","has-post-thumbnail","hentry","category-olivia-ca"],"acf":[],"_links":{"self":[{"href":"https:\/\/olivia.es\/ca\/wp-json\/wp\/v2\/posts\/11067","targetHints":{"allow":["GET"]}}],"collection":[{"href":"https:\/\/olivia.es\/ca\/wp-json\/wp\/v2\/posts"}],"about":[{"href":"https:\/\/olivia.es\/ca\/wp-json\/wp\/v2\/types\/post"}],"author":[{"embeddable":true,"href":"https:\/\/olivia.es\/ca\/wp-json\/wp\/v2\/users\/1"}],"replies":[{"embeddable":true,"href":"https:\/\/olivia.es\/ca\/wp-json\/wp\/v2\/comments?post=11067"}],"version-history":[{"count":0,"href":"https:\/\/olivia.es\/ca\/wp-json\/wp\/v2\/posts\/11067\/revisions"}],"wp:featuredmedia":[{"embeddable":true,"href":"https:\/\/olivia.es\/ca\/wp-json\/"}],"wp:attachment":[{"href":"https:\/\/olivia.es\/ca\/wp-json\/wp\/v2\/media?parent=11067"}],"wp:term":[{"taxonomy":"category","embeddable":true,"href":"https:\/\/olivia.es\/ca\/wp-json\/wp\/v2\/categories?post=11067"},{"taxonomy":"post_tag","embeddable":true,"href":"https:\/\/olivia.es\/ca\/wp-json\/wp\/v2\/tags?post=11067"}],"curies":[{"name":"wp","href":"https:\/\/api.w.org\/{rel}","templated":true}]}}