{"id":12861,"date":"2018-08-06T10:02:41","date_gmt":"2018-08-06T08:02:41","guid":{"rendered":"https:\/\/www.olivia.es\/?p=3435"},"modified":"2018-08-06T10:02:41","modified_gmt":"2018-08-06T08:02:41","slug":"satya-nadella-nou-ceo-de-microsoft","status":"publish","type":"post","link":"https:\/\/olivia.es\/ca\/satya-nadella-nou-ceo-de-microsoft\/","title":{"rendered":"Satya Nadella, nou CEO de Microsoft"},"content":{"rendered":"<p>S<span id=\"result_box\" class=\"short_text\" lang=\"ca\">Satya Nadella, el nou CEO de Microsoft.<\/span><\/p>\n<p><img fetchpriority=\"high\" decoding=\"async\" class=\" alignright size-full wp-image-853\" style=\"float: right\" src=\"https:\/\/olivia.es\/wp-content\/uploads\/articles\/05_low.jpg\" width=\"340\" height=\"219\" border=\"10\" \/><span id=\"result_box\" class=\"\" lang=\"ca\">La companyia tamb\u00e9 va anunciar que John Thompson, director independent, succeir\u00e0 a Bill Gates com a president. Gates assumir\u00e0 un nou rol com &#8220;assessor tecnol\u00f2gic&#8221;. Despr\u00e9s de sis mesos buscant a la persona id\u00f2nia per ocupar el lloc de director general de la companyia de programari m\u00e9s gran del m\u00f3n, l&#8217;empresa es va decantar per triar a una persona de casa.<\/span><\/p>\n<p><span id=\"result_box\" class=\"\" lang=\"ca\">Nadella t\u00e9 ampli coneixement dels racons de l&#8217;empresa i el dinamisme suficient per reinventar el negoci.<\/p>\n<p>Nascut a Hyderabad, \u00cdndia, bressol del Centre d&#8217;Investigaci\u00f3 i Desenvolupament de Microsoft m\u00e9s gran de l&#8217;\u00cdndia (MSIDC), Nadella es va formar com a enginyer el\u00e8ctric a la Universitat de Mangalore al seu pa\u00eds, per despr\u00e9s migrar als Estats Units<span class=\"\">, on va estudiar<\/span> enginyeria en ci\u00e8ncies computacionals a la Universitat de Wisconsin i <span class=\"\">m\u00e9s tard un<\/span> MBA a la Universitat de Chicago.<\/p>\n<p><span class=\"\">M\u00e9s informaci\u00f3 a<\/span> <a target=\"_blank\" rel=\"noopener noreferrer\" href=\"http:\/\/www.microsoft.com\/en-us\/news\/ceo\/index.html\">http:\/\/www.microsoft.com\/en-us\/news\/ceo\/index.html<\/a><\/span><\/p>\n<p>&nbsp;<\/p>\n","protected":false},"excerpt":{"rendered":"<p>SSatya Nadella, el nou CEO de Microsoft. La companyia tamb\u00e9 va anunciar que John Thompson, director independent, succeir\u00e0 a Bill Gates com a president. Gates assumir\u00e0 un nou rol com &#8220;assessor tecnol\u00f2gic&#8221;. Despr\u00e9s de sis mesos buscant a la persona id\u00f2nia per ocupar el lloc de director general de la companyia de programari m\u00e9s gran [&hellip;]<\/p>\n","protected":false},"author":1,"featured_media":3437,"comment_status":"closed","ping_status":"closed","sticky":false,"template":"","format":"standard","meta":{"_acf_changed":false,"footnotes":""},"categories":[23],"tags":[],"class_list":["post-12861","post","type-post","status-publish","format-standard","has-post-thumbnail","hentry","category-microsoft-ca"],"acf":[],"_links":{"self":[{"href":"https:\/\/olivia.es\/ca\/wp-json\/wp\/v2\/posts\/12861","targetHints":{"allow":["GET"]}}],"collection":[{"href":"https:\/\/olivia.es\/ca\/wp-json\/wp\/v2\/posts"}],"about":[{"href":"https:\/\/olivia.es\/ca\/wp-json\/wp\/v2\/types\/post"}],"author":[{"embeddable":true,"href":"https:\/\/olivia.es\/ca\/wp-json\/wp\/v2\/users\/1"}],"replies":[{"embeddable":true,"href":"https:\/\/olivia.es\/ca\/wp-json\/wp\/v2\/comments?post=12861"}],"version-history":[{"count":0,"href":"https:\/\/olivia.es\/ca\/wp-json\/wp\/v2\/posts\/12861\/revisions"}],"wp:featuredmedia":[{"embeddable":true,"href":"https:\/\/olivia.es\/ca\/wp-json\/"}],"wp:attachment":[{"href":"https:\/\/olivia.es\/ca\/wp-json\/wp\/v2\/media?parent=12861"}],"wp:term":[{"taxonomy":"category","embeddable":true,"href":"https:\/\/olivia.es\/ca\/wp-json\/wp\/v2\/categories?post=12861"},{"taxonomy":"post_tag","embeddable":true,"href":"https:\/\/olivia.es\/ca\/wp-json\/wp\/v2\/tags?post=12861"}],"curies":[{"name":"wp","href":"https:\/\/api.w.org\/{rel}","templated":true}]}}