{"id":4051,"date":"2014-11-11T11:30:09","date_gmt":"2014-11-11T10:30:09","guid":{"rendered":"https:\/\/www.olivia.es\/entrevista-de-lavanguardia-a-frederic-barbera\/"},"modified":"2014-11-11T11:30:09","modified_gmt":"2014-11-11T10:30:09","slug":"entrevista-de-lavanguardia-a-frederic-barbera","status":"publish","type":"post","link":"https:\/\/olivia.es\/ca\/entrevista-de-lavanguardia-a-frederic-barbera\/","title":{"rendered":"Entrevista de La Vanguardia a Frederic Barber\u00e0"},"content":{"rendered":"<p style=\"text-align: center\"><span style=\"font-size: medium\">El pasado Lunes 10 de Noviembre, el peri\u00f3dico <a target=\"_blank\" rel=\"noopener noreferrer\" href=\"http:\/\/www.lavanguardia.com\/index.html\">La Vanguardia<\/a> public\u00f3 un monogr\u00e1fico especial titulado: Catalunya Avanza,\u00a0<span style=\"line-height: 1.3em\">d\u00f3nde se concede una entrevista a Frederic Barber\u00e0, Director General de Olivia<\/span><\/span><\/p>\n<p><!--more--><\/p>\n<p align=\"justify\"><a target=\"_blank\" rel=\"noopener noreferrer\" style=\"font-size: 11.8181819915771px;line-height: 1.3em\" href=\"https:\/\/olivia.es\/wp-content\/uploads\/docs\/Entrevista-a-Frederic-Barber%C3%A0.pdf\"><img decoding=\"async\" class=\" size-full wp-image-926\" src=\"https:\/\/olivia.es\/wp-content\/uploads\/articles\/Entrevista-a-Frederic-Barber.png\" alt=\"EntrevistaFredericSagradaFamilia\" width=\"400\" height=\"20\" border=\"0\" \/><\/a><\/p>\n<p><a href=\"http:\/\/www.lavanguardia.com\/monograficos-externos\/20141106\/54418617694\/catalunya-avanza-monografico.html\" target=\"_blank\" rel=\"noopener\"><img decoding=\"async\" class=\" size-full wp-image-928\" title=\"MonograficEntrevista\" src=\"https:\/\/olivia.es\/wp-content\/uploads\/articles\/Leer-Monogrfico-entero5.png\" alt=\"MonograficEntrevista\" width=\"400\" height=\"20\" border=\"0\" \/><\/a><\/p>\n","protected":false},"excerpt":{"rendered":"<p>El pasado Lunes 10 de Noviembre, el peri\u00f3dico La Vanguardia public\u00f3 un monogr\u00e1fico especial titulado: Catalunya Avanza,\u00a0d\u00f3nde se concede una entrevista a Frederic Barber\u00e0, Director General de Olivia<\/p>\n","protected":false},"author":1,"featured_media":926,"comment_status":"closed","ping_status":"closed","sticky":false,"template":"","format":"standard","meta":{"_acf_changed":false,"footnotes":""},"categories":[20],"tags":[],"class_list":["post-4051","post","type-post","status-publish","format-standard","has-post-thumbnail","hentry","category-olivia"],"acf":[],"_links":{"self":[{"href":"https:\/\/olivia.es\/ca\/wp-json\/wp\/v2\/posts\/4051","targetHints":{"allow":["GET"]}}],"collection":[{"href":"https:\/\/olivia.es\/ca\/wp-json\/wp\/v2\/posts"}],"about":[{"href":"https:\/\/olivia.es\/ca\/wp-json\/wp\/v2\/types\/post"}],"author":[{"embeddable":true,"href":"https:\/\/olivia.es\/ca\/wp-json\/wp\/v2\/users\/1"}],"replies":[{"embeddable":true,"href":"https:\/\/olivia.es\/ca\/wp-json\/wp\/v2\/comments?post=4051"}],"version-history":[{"count":0,"href":"https:\/\/olivia.es\/ca\/wp-json\/wp\/v2\/posts\/4051\/revisions"}],"wp:featuredmedia":[{"embeddable":true,"href":"https:\/\/olivia.es\/ca\/wp-json\/"}],"wp:attachment":[{"href":"https:\/\/olivia.es\/ca\/wp-json\/wp\/v2\/media?parent=4051"}],"wp:term":[{"taxonomy":"category","embeddable":true,"href":"https:\/\/olivia.es\/ca\/wp-json\/wp\/v2\/categories?post=4051"},{"taxonomy":"post_tag","embeddable":true,"href":"https:\/\/olivia.es\/ca\/wp-json\/wp\/v2\/tags?post=4051"}],"curies":[{"name":"wp","href":"https:\/\/api.w.org\/{rel}","templated":true}]}}