{"id":8362,"date":"2021-02-04T09:30:22","date_gmt":"2021-02-04T08:30:22","guid":{"rendered":"https:\/\/www.olivia.es\/?p=8362"},"modified":"2021-02-04T09:30:22","modified_gmt":"2021-02-04T08:30:22","slug":"rrhh-el-teletrabajo-anade-la-necesidad-de-una-suscripcion-para-comunicarse","status":"publish","type":"post","link":"https:\/\/olivia.es\/ca\/rrhh-el-teletrabajo-anade-la-necesidad-de-una-suscripcion-para-comunicarse\/","title":{"rendered":"RRHH: El teletrabajo a\u00f1ade la necesidad de una suscripci\u00f3n para comunicarse"},"content":{"rendered":"\n<h4 class=\"wp-block-heading\">El teletrabajo ya no es una cosa propia del COVID-19. La evoluci\u00f3n a esta nueva manera de trabajar y organizar equipos se ha visto reducida en 2 meses, cuando muchos analistas y el propio <a href=\"https:\/\/news.microsoft.com\/es-xl\/2-anos-de-transformacion-digital-en-2-meses\/\" target=\"_blank\" rel=\"noreferrer noopener\" aria-label=\"Microsoft (abre en una nueva pesta\u00f1a)\">Microsoft<\/a> lo proyectaban para 2 a\u00f1os.<\/h4>\n\n\n\n<p>Esto ha cogido por sorpresa a los departamentos de RRHH que est\u00e1n adaptando las pol\u00edticas de los trabajadores a esta nueva realidad. Hace falta un marco claro para los dos partes, sobre todo en estos primeros meses, que marcar\u00e1 la manera de relacionarse en un entorno diferente que va m\u00e1s all\u00e1 de la oficina y los desplazamientos por motivos laborales.<\/p>\n\n\n\n<p>Los responsables de gesti\u00f3n de personas adem\u00e1s necesitan estar al d\u00eda de las herramientas para asegurar la <strong>correcta comunicaci\u00f3n entre los equipos sin ver reducida la productividad<\/strong>. Hace unos a\u00f1os la empresa ten\u00eda que dotar de un PC, al principio de sobremesa, una mesa, silla y un tel\u00e9fono de empresa. Despu\u00e9s a\u00f1adieron la direcci\u00f3n de correo electr\u00f3nico y ahora evolucionamos a <strong>facilitar una suscripci\u00f3n para comunicarse<\/strong>. El canal ya es el escogido para cada momento: mail, chat, videollamada, trabajando en un documento compartido, llamada, etc.<\/p>\n\n\n\n<p>El dispositivo en si pierde importancia ya que evolucionamos a utilizar el smartphone para motivos personales y profesionales y gracias al acceso remoto ya podemos trabajar con cualquier PC ya sea en la oficina o en casa. Esto inicia un <strong>gran reto de seguridad para los departamentos de TI <\/strong>que tiene que compaginar la facilidad con la seguridad. Por eso <a href=\"https:\/\/www.lavanguardia.com\/tecnologia\/20200403\/48281578055\/expertos-alertan-problemas-privacidad-zoom.html\" target=\"_blank\" rel=\"noreferrer noopener\" aria-label=\"trabajar con herramientas que garantizan la seguridad (abre en una nueva pesta\u00f1a)\">trabajar con herramientas que garantizan la seguridad<\/a> puede evitar conflictos entre departamentos.<\/p>\n\n\n\n<p>Olivia ha adaptado la manera de trabajar internamente y con los clientes ante esta nueva situaci\u00f3n y estar trabajando ya con <a href=\"https:\/\/olivia.es\/office-365\/\" target=\"_blank\" rel=\"noreferrer noopener\" aria-label=\"Microsoft 365 (abre en una nueva pesta\u00f1a)\">Microsoft 365<\/a> antes del confinamiento ha posibilitado realizar esta transici\u00f3n m\u00e1s r\u00e1pida. Adem\u00e1s, se han incorporado din\u00e1micas nuevas que mejoran la comunicaci\u00f3n y relaci\u00f3n entre los trabajadores que ser\u00e1n introducidas en el nuevo modelo h\u00edbrido oficina-teletrabajo.<\/p>\n\n\n\n<figure class=\"wp-block-image is-resized\"><img fetchpriority=\"high\" decoding=\"async\" class=\"wp-image-8367\" src=\"https:\/\/olivia.es\/wp-content\/uploads\/Captura-de-Pantalla-2020-06-30-a-les-13.25.53-1030x571.png\" alt=\"\" width=\"515\" height=\"286\" \/><\/figure>\n<p>Autora: <strong>Cl\u00e0udia Sampere<\/strong>. T\u00e9cnica de RRHH<\/p>\n<p>&nbsp;<\/p>\n\n<p><script type=\"text\/javascript\" src=\"https:\/\/platform.linkedin.com\/badges\/js\/profile.js\" async defer><\/script><\/p>\n<div class=\"LI-profile-badge\" data-version=\"v1\" data-size=\"medium\" data-locale=\"es_ES\" data-type=\"horizontal\" data-theme=\"light\" data-vanity=\"cl\u00e0udiasv\"><a target=\"_blank\" rel=\"noopener noreferrer\" class=\"LI-simple-link\" href=\"https:\/\/es.linkedin.com\/in\/cl%C3%A0udiasv?trk=profile-badge\">Cl\u00e0udia Sampere<\/a><\/div>","protected":false},"excerpt":{"rendered":"<p>El teletrabajo ya no es una cosa propia del COVID-19. La evoluci\u00f3n a esta nueva manera de trabajar y organizar equipos se ha visto reducida en 2 meses, cuando muchos analistas y el propio Microsoft lo proyectaban para 2 a\u00f1os. Esto ha cogido por sorpresa a los departamentos de RRHH que est\u00e1n adaptando las pol\u00edticas [&hellip;]<\/p>\n","protected":false},"author":5,"featured_media":9171,"comment_status":"closed","ping_status":"closed","sticky":false,"template":"","format":"standard","meta":{"_acf_changed":false,"footnotes":""},"categories":[22,20],"tags":[],"class_list":["post-8362","post","type-post","status-publish","format-standard","has-post-thumbnail","hentry","category-microsoft","category-olivia"],"acf":[],"_links":{"self":[{"href":"https:\/\/olivia.es\/ca\/wp-json\/wp\/v2\/posts\/8362","targetHints":{"allow":["GET"]}}],"collection":[{"href":"https:\/\/olivia.es\/ca\/wp-json\/wp\/v2\/posts"}],"about":[{"href":"https:\/\/olivia.es\/ca\/wp-json\/wp\/v2\/types\/post"}],"author":[{"embeddable":true,"href":"https:\/\/olivia.es\/ca\/wp-json\/wp\/v2\/users\/5"}],"replies":[{"embeddable":true,"href":"https:\/\/olivia.es\/ca\/wp-json\/wp\/v2\/comments?post=8362"}],"version-history":[{"count":0,"href":"https:\/\/olivia.es\/ca\/wp-json\/wp\/v2\/posts\/8362\/revisions"}],"wp:featuredmedia":[{"embeddable":true,"href":"https:\/\/olivia.es\/ca\/wp-json\/"}],"wp:attachment":[{"href":"https:\/\/olivia.es\/ca\/wp-json\/wp\/v2\/media?parent=8362"}],"wp:term":[{"taxonomy":"category","embeddable":true,"href":"https:\/\/olivia.es\/ca\/wp-json\/wp\/v2\/categories?post=8362"},{"taxonomy":"post_tag","embeddable":true,"href":"https:\/\/olivia.es\/ca\/wp-json\/wp\/v2\/tags?post=8362"}],"curies":[{"name":"wp","href":"https:\/\/api.w.org\/{rel}","templated":true}]}}