{"id":9299,"date":"2021-02-22T09:50:02","date_gmt":"2021-02-22T08:50:02","guid":{"rendered":"http:\/\/www.olivia.es\/?p=9299"},"modified":"2021-02-22T09:50:02","modified_gmt":"2021-02-22T08:50:02","slug":"tecnologia-amb-humanitat","status":"publish","type":"post","link":"https:\/\/olivia.es\/ca\/tecnologia-amb-humanitat\/","title":{"rendered":"Tecnologia amb humanitat"},"content":{"rendered":"<p>Aquestes dues paraules poden semblar contradict\u00f2ries i fins i tot ant\u00f2nimes, ja que la tecnologia sempre ens ha semblat una cosa freda i exacte on les passions pr\u00f2pies del comportament hum\u00e0 sembla que no tinguin cabuda. Res m\u00e9s lluny de la realitat, cal recordar que la tecnologia i les empreses les fem i les componem persones.<\/p>\n<p>Per tant, no podem mai perdre l&#8217;horitz\u00f3 de la humanitat quan parlem de tecnologia. En la meva dilatada experi\u00e8ncia en la implantaci\u00f3 d&#8217; ERP\u00b4s per a empreses, estic conven\u00e7ut, que e<strong>l moment on m\u00e9s humanitat cal tenir \u00e9s en la fase de l&#8217;arrencada d&#8217;un projecte.<\/strong><\/p>\n<p><img fetchpriority=\"high\" decoding=\"async\" class=\"alignleft wp-image-9305\" src=\"http:\/\/www.olivia.cat\/wp-content\/uploads\/\/kaleidico-3V8xo5Gbusk-unsplash-2.jpg\" alt=\"\" width=\"400\" height=\"267\" \/>Aquesta fase \u00e9s la m\u00e9s cr\u00edtica i complicada d&#8217;un projecte. On el treball de molts mesos, tant per part de l&#8217;implantador, com per part de l&#8217;usuari, es pot malmetre i una de les claus per a arribar a bon port en una arrencada \u00e9s la humanitat. En una arrencada surten a relluir totes aquestes passions pr\u00f2pies de l&#8217;\u00e9sser hum\u00e0, i surten en forma de cataracta emocional, la por al canvi, la inseguretat d&#8217;una eina que no coneixem, nous circuits, noves maneres de treballar, s\u00f3n els ingredients perfectes perqu\u00e8 un projecte es pugui malmetre. Amb aquest panorama \u00e9s molt important que el teu partner tecnol\u00f2gic estigui amb tu, acompanyant-te i ajudant, no sols en qu\u00e8 el ERP funcioni i compleixi amb les expectatives que s&#8217;han dissenyat.<\/p>\n<p>Aix\u00f2 gaireb\u00e9 \u00e9s el m\u00e9s f\u00e0cil i el que gaireb\u00e9 tothom pot aconseguir, el complicat, l&#8217;important, \u00e9s acompanyar, secundar i sobretot entendre a l&#8217;usuari final i ser el seu aliat en aquesta aventura. Els usuaris t&#8217;han de veure com un company de viatge, no com alg\u00fa que ve a imposar res. La labor del partner \u00e9s con\u00e8ixer el dia a dia dels usuaris, con\u00e8ixer el seu treball i posar-se en el seu lloc, per a poder impregnar al projecte d&#8217;aquest component hum\u00e0, ja que, si un projecte si \u00e9s t\u00e8cnicament perfecte, per\u00f2 no ha tingut en compte el factor hum\u00e0, no \u00e9s bon projecte.<\/p>\n<p>Com aconseguir aquest equilibri perfecte? <strong>No hem de fer gens especial, nom\u00e9s pensar que fem en la nostra vida personal quan un amic ens crida per a dir-nos que t\u00e9 un problema<\/strong>. El que se sol fer \u00e9s quedar amb ell, asseure&#8217;ns al seu costat, escoltar, i una vegada que coneixem el problema, aconsellem i intentem animar-lo, ressaltant les seves fortaleses i oferint tota la nostra ajuda fent sentir al nostre col\u00b7lega que no est\u00e0 sol. S\u00ed que tenim una amistat de deb\u00f2, tamb\u00e9 hem de fer veure al nostre amic les seves possibles manques i els seus punts febles, per\u00f2 sense \u00e0nim de cr\u00edtica i sempre amb un esperit constructiu amb la finalitat de corregir-los.<img decoding=\"async\" class=\"alignright wp-image-9307\" src=\"http:\/\/www.olivia.cat\/wp-content\/uploads\/\/amy-hirschi-W7aXY5F2pBo-unsplash.jpg\" alt=\"\" width=\"320\" height=\"213\" \/><\/p>\n<p>Perqu\u00e8 en un projecte hem de fer el mateix, ressaltar les fortaleses dels nostres clients i fer-los sentir que no estan solos. Com a bons amics que ja haur\u00edem de ser, hem de treure a la llum les manques o males pr\u00e0ctiques que hi ha, per\u00f2 sempre d&#8217;una manera constructiva, mai pensant que estem en possessi\u00f3 de la veritat absoluta i sempre a trav\u00e9s del di\u00e0leg i el consens. Aix\u00ed de senzill, aplicar la nostra empatia personal i la intel\u00b7lig\u00e8ncia emocional que tenim en la nostra vida personal amb els nostres nous companys.<\/p>\n<p>Des que vaig comen\u00e7ar en aquest m\u00f3n de la tecnologia, i vaig comen\u00e7ar quan Windows encara no existia, he volgut aportar el toc hum\u00e0 en les implantacions i en el tracte amb els clients d&#8217;un ERP, aquesta ha estat la meva lluita i el meu anhel. Evidentment has d&#8217;estar envoltat d&#8217;un equip que comparteixi aquesta visi\u00f3, no \u00e9s f\u00e0cil, per\u00f2 us puc dir que, si, \u00e9s possible, no \u00e9s una quimera. Per aix\u00f2 el lema que identificaria a Olivia seria: <strong>Projectes fets per persones per a les persones.<\/strong><\/p>\n<p>&nbsp;<\/p>\n<p>Autor: Sergio Alcolea &#8211; Consultor Business Central \u00a0 \u00a0<\/p>\n<div class=\"LI-profile-badge\" data-version=\"v1\" data-size=\"medium\" data-locale=\"es_ES\" data-type=\"horizontal\" data-theme=\"light\" data-vanity=\"sergio-alcolea-martinez-386bb298\"><a target=\"_blank\" rel=\"noopener noreferrer\" class=\"LI-simple-link\" href=\"https:\/\/es.linkedin.com\/in\/sergio-alcolea-martinez-386bb298?trk=profile-badge\">Sergio Alcolea Martinez<\/a><\/div>\n<p>&nbsp;<\/p>\n<!-- \/wp:post-content -->\n\n<!-- wp:html -->\n<p><script src=\"https:\/\/platform.linkedin.com\/badges\/js\/profile.js\" async=\"\" defer=\"defer\" type=\"text\/javascript\"><span data-mce-type=\"bookmark\" style=\"display: inline-block; width: 0px; overflow: hidden; line-height: 0;\" class=\"mce_SELRES_end\">\ufeff<\/span><\/script><\/p>","protected":false},"excerpt":{"rendered":"<p>Aquestes dues paraules poden semblar contradict\u00f2ries i fins i tot ant\u00f2nimes, ja que la tecnologia sempre ens ha semblat una cosa freda i exacte on les passions pr\u00f2pies del comportament hum\u00e0 sembla que no tinguin cabuda. Res m\u00e9s lluny de la realitat, cal recordar que la tecnologia i les empreses les fem i les componem [&hellip;]<\/p>\n","protected":false},"author":1,"featured_media":9296,"comment_status":"closed","ping_status":"closed","sticky":false,"template":"","format":"standard","meta":{"_acf_changed":false,"footnotes":""},"categories":[29],"tags":[],"class_list":["post-9299","post","type-post","status-publish","format-standard","has-post-thumbnail","hentry","category-olivia-ca"],"acf":[],"_links":{"self":[{"href":"https:\/\/olivia.es\/ca\/wp-json\/wp\/v2\/posts\/9299","targetHints":{"allow":["GET"]}}],"collection":[{"href":"https:\/\/olivia.es\/ca\/wp-json\/wp\/v2\/posts"}],"about":[{"href":"https:\/\/olivia.es\/ca\/wp-json\/wp\/v2\/types\/post"}],"author":[{"embeddable":true,"href":"https:\/\/olivia.es\/ca\/wp-json\/wp\/v2\/users\/1"}],"replies":[{"embeddable":true,"href":"https:\/\/olivia.es\/ca\/wp-json\/wp\/v2\/comments?post=9299"}],"version-history":[{"count":0,"href":"https:\/\/olivia.es\/ca\/wp-json\/wp\/v2\/posts\/9299\/revisions"}],"wp:featuredmedia":[{"embeddable":true,"href":"https:\/\/olivia.es\/ca\/wp-json\/"}],"wp:attachment":[{"href":"https:\/\/olivia.es\/ca\/wp-json\/wp\/v2\/media?parent=9299"}],"wp:term":[{"taxonomy":"category","embeddable":true,"href":"https:\/\/olivia.es\/ca\/wp-json\/wp\/v2\/categories?post=9299"},{"taxonomy":"post_tag","embeddable":true,"href":"https:\/\/olivia.es\/ca\/wp-json\/wp\/v2\/tags?post=9299"}],"curies":[{"name":"wp","href":"https:\/\/api.w.org\/{rel}","templated":true}]}}