{"id":9875,"date":"2021-05-31T16:17:16","date_gmt":"2021-05-31T14:17:16","guid":{"rendered":"http:\/\/www.olivia.es\/?p=9875"},"modified":"2021-05-31T16:17:16","modified_gmt":"2021-05-31T14:17:16","slug":"podcast-club-olivia-no-8-amb-la-power-platform-ara-es-mes-divertit-programar-amb-albert-couto","status":"publish","type":"post","link":"https:\/\/olivia.es\/ca\/podcast-club-olivia-no-8-amb-la-power-platform-ara-es-mes-divertit-programar-amb-albert-couto\/","title":{"rendered":"Podcast Club Olivia n\u00ba 8: Amb la Power Platform ara \u00e9s m\u00e9s divertit programar, amb Albert Couto"},"content":{"rendered":"<div class=\"DK2WGA7X3rKos2v1AABBD _20x9t-BL2SDh7lOGEew66E\" data-block=\"true\" data-editor=\"bfmb7\" data-offset-key=\"5e1vj-0-0\">\n<div class=\"public-DraftStyleDefault-block public-DraftStyleDefault-ltr\" data-offset-key=\"5e1vj-0-0\">\n<div class=\"DK2WGA7X3rKos2v1AABBD _20x9t-BL2SDh7lOGEew66E\" data-block=\"true\" data-editor=\"84ir0\" data-offset-key=\"rr1q-0-0\">\n<div class=\"public-DraftStyleDefault-block public-DraftStyleDefault-ltr\" data-offset-key=\"rr1q-0-0\">\n<p><span data-offset-key=\"rr1q-0-0\">Avui en el club Olivia tenim al m\u00e9s jove amb difer\u00e8ncia dels quals han anat passant pel Club Olivia, <a href=\"https:\/\/www.linkedin.com\/in\/albert-couto-escudero-15967a195\/\" target=\"_blank\" rel=\"noopener noreferrer\">Albert Couto<\/a>. L&#8217;\u00a0<\/span>Albert va ser un dels primers canterans del programa per a formar nous talents que vam parlar amb l&#8217; Eva fa unes setmanes. Des del primer dia vam detectar que encaixava perfectament amb l&#8217;equip i s&#8217;ha guanyat el respecte dels s\u00e8niors que no \u00e9s f\u00e0cil.Hem parlat de la Power Platform i com ha viscut el canvi de la programaci\u00f3 quan va entrar a Olivia i ara, amb tots els \u00faltims canvis de Microsoft. En tan sols 2 anys ha canviat radicalment la manera de programar sent molt m\u00e9s atractiva per a joves que volen provar fer treballs m\u00e9s creatius. El llenguatge ha passat a semblar-se m\u00e9s a la resta de llenguatges coneguts, sent m\u00e9s lliure i amb m\u00e9s possibilitats que abans. Aix\u00f2 fa que el sector dels ERPs pugui ser una carrera amb m\u00e9s futur que potser altres sectors com el dels videojocs que s\u00f3n molt atractius a priori, per\u00f2 amb molta incertesa i poques possibilitats de programar realment els videojocs que aquests joves, acabats de sortir de la carrera, juguen a les seves cases.<\/p>\n<p>Tamb\u00e9 hem parlat de la seva evoluci\u00f3 dins de l&#8217;equip i com va comen\u00e7ar fent tasques com realitzar reports a formar part de projectes amb clients i agafant les primeres responsabilitats.<\/p>\n<p>Ha estat una xerrada molt interessant per a aproximar tant el m\u00f3n de la programaci\u00f3 com un punt de vista generacional.<\/p>\n<\/div>\n<\/div>\n<\/div>\n<\/div>\n<div data-offset-key=\"267hb-0-0\"><\/div>\n<div data-offset-key=\"267hb-0-0\">\n<div data-offset-key=\"fsbah-0-0\"><strong>Podcast (en castell\u00e0)<\/strong><\/div>\n<p><iframe loading=\"lazy\" src=\"https:\/\/anchor.fm\/clubolivia\/embed\/episodes\/Con-la-Power-Platform-ahora-es-ms-divertido-programar-e11tjmb\" width=\"400px\" height=\"102px\" frameborder=\"0\" scrolling=\"no\"><\/iframe><\/p>\n<p>&nbsp;<\/p>\n<div data-offset-key=\"fsbah-0-0\"><\/div>\n<div data-offset-key=\"fsbah-0-0\"><strong>Grabaci\u00f3 amb Microsoft Teams del podcast (en castell\u00e0)<\/strong><\/div>\n<p><iframe loading=\"lazy\" title=\"YouTube video player\" src=\"https:\/\/www.youtube.com\/embed\/8R8mTNxGhoY\" width=\"560\" height=\"315\" frameborder=\"0\" allowfullscreen=\"allowfullscreen\"><\/iframe><\/p>\n<p>&nbsp;<\/p>\n<p><strong>Subscriu-te al podcast en Spotify<\/strong><\/p>\n<p><iframe loading=\"lazy\" src=\"https:\/\/open.spotify.com\/embed-podcast\/show\/3woKYOsoMxgOXGJpiTtMno\" width=\"100%\" height=\"232\" frameborder=\"0\" data-mce-fragment=\"1\"><\/iframe><\/p>\n<p>&nbsp;<\/p>\n<p><a href=\"https:\/\/anchor.fm\/clubolivia\" target=\"_blank\" rel=\"noopener noreferrer\">Veure altres plataformes de subscripci\u00f3<\/a><\/p>\n<\/div>\n","protected":false},"excerpt":{"rendered":"<p>Avui en el club Olivia tenim al m\u00e9s jove amb difer\u00e8ncia dels quals han anat passant pel Club Olivia, Albert Couto. L&#8217;\u00a0Albert va ser un dels primers canterans del programa per a formar nous talents que vam parlar amb l&#8217; Eva fa unes setmanes. Des del primer dia vam detectar que encaixava perfectament amb l&#8217;equip [&hellip;]<\/p>\n","protected":false},"author":1,"featured_media":9878,"comment_status":"closed","ping_status":"closed","sticky":false,"template":"","format":"standard","meta":{"_acf_changed":false,"footnotes":""},"categories":[84],"tags":[],"class_list":["post-9875","post","type-post","status-publish","format-standard","has-post-thumbnail","hentry","category-club-olivia"],"acf":[],"_links":{"self":[{"href":"https:\/\/olivia.es\/ca\/wp-json\/wp\/v2\/posts\/9875","targetHints":{"allow":["GET"]}}],"collection":[{"href":"https:\/\/olivia.es\/ca\/wp-json\/wp\/v2\/posts"}],"about":[{"href":"https:\/\/olivia.es\/ca\/wp-json\/wp\/v2\/types\/post"}],"author":[{"embeddable":true,"href":"https:\/\/olivia.es\/ca\/wp-json\/wp\/v2\/users\/1"}],"replies":[{"embeddable":true,"href":"https:\/\/olivia.es\/ca\/wp-json\/wp\/v2\/comments?post=9875"}],"version-history":[{"count":0,"href":"https:\/\/olivia.es\/ca\/wp-json\/wp\/v2\/posts\/9875\/revisions"}],"wp:featuredmedia":[{"embeddable":true,"href":"https:\/\/olivia.es\/ca\/wp-json\/"}],"wp:attachment":[{"href":"https:\/\/olivia.es\/ca\/wp-json\/wp\/v2\/media?parent=9875"}],"wp:term":[{"taxonomy":"category","embeddable":true,"href":"https:\/\/olivia.es\/ca\/wp-json\/wp\/v2\/categories?post=9875"},{"taxonomy":"post_tag","embeddable":true,"href":"https:\/\/olivia.es\/ca\/wp-json\/wp\/v2\/tags?post=9875"}],"curies":[{"name":"wp","href":"https:\/\/api.w.org\/{rel}","templated":true}]}}